{"id":88,"date":"2012-09-16T23:48:55","date_gmt":"2012-09-16T23:48:55","guid":{"rendered":"http:\/\/lordmmx.net\/?p=88"},"modified":"2012-09-19T02:23:05","modified_gmt":"2012-09-19T02:23:05","slug":"daewoo-astria-project","status":"publish","type":"post","link":"https:\/\/peterprotus.eu\/?p=88","title":{"rendered":"Daewoo &#8222;Astria&#8220; Project"},"content":{"rendered":"<p><strong>Daewoo Astria Project<\/strong> , je m\u00f4j najnov\u0161\u00ed \u0161ialen\u00fd po\u010din. Moja ness\u00ed &#8222;Miley&#8220; dostane \u00fapravy v podobe interieru z Oplu Astra F, elektrick\u00fdch sp\u00e4tn\u00fdch zrkadiel a zadnej kot\u00fa\u010dovej n\u00e1pravy.<\/p>\n<p>Odtia\u013e n\u00e1zov projektu &#8222;Astria&#8220; (Astra &#8211; Nexia).<\/p>\n<p><!--more--><\/p>\n<p>Chcem za\u010da\u0165 interierom, lebo u\u017e ho m\u00e1m pripraven\u00fd v gar\u00e1\u017ei.<\/p>\n<figure style=\"width: 538px\" class=\"wp-caption aligncenter\"><a href=\"http:\/\/sphotos-c.ak.fbcdn.net\/hphotos-ak-ash3\/541286_156702631135476_2083920022_n.jpg\"><img loading=\"lazy\" decoding=\"async\" class=\"   \" title=\"Opel Astra F interier\" src=\"http:\/\/sphotos-c.ak.fbcdn.net\/hphotos-ak-ash3\/541286_156702631135476_2083920022_n.jpg\" alt=\"\" width=\"538\" height=\"401\" \/><\/a><figcaption class=\"wp-caption-text\">http:\/\/sphotos-c.ak.fbcdn.net\/hphotos-ak-ash3\/541286_156702631135476_2083920022_n.jpg<\/figcaption><\/figure>\n<p>Hoc mi st\u00e1le ch\u00fdbaj\u00fa asi 3 podstatn\u00e9 plasty, pomaly sa p\u00fa\u0161\u0165am do prer\u00e1bania. Fotografie prid\u00e1m postupne ako budem ness\u00ed prer\u00e1ba\u0165.<\/p>\n<p>&nbsp;<\/p>\n<p>Takisto chcem do nej namontova\u0165 jednou cestou digit\u00e1lnu pr\u00edstrojovku z Oplu Kadett E upraven\u00fa pre interier Astry.<\/p>\n<figure style=\"width: 538px\" class=\"wp-caption aligncenter\"><a href=\"https:\/\/fbcdn-sphotos-c-a.akamaihd.net\/hphotos-ak-snc7\/386348_488772941133094_2117968186_n.jpg\"><img loading=\"lazy\" decoding=\"async\" class=\" \" title=\"Digit\u00e1lna pr\u00edstrojovka z Opel Kadett upraven\u00e1 pre Opel Astra F\" src=\"https:\/\/fbcdn-sphotos-c-a.akamaihd.net\/hphotos-ak-snc7\/386348_488772941133094_2117968186_n.jpg\" alt=\"\" width=\"538\" height=\"401\" \/><\/a><figcaption class=\"wp-caption-text\">Opel Kadett \/ astra digital dash<\/figcaption><\/figure>\n<p>&nbsp;<\/p>\n<p>Ke\u010f\u017ee div\u00edzia Opel si nerobila \u0165a\u017ek\u00fa hlavu s modifik\u00e1ciou uchyten\u00ed interieru v Kadette E, uchytenia ostali rovnak\u00e9 aj v Astre F, ktor\u00e1 je priamym n\u00e1stupcom Kadettu. Hoc k\u00farenie, resp potrubie k\u00farenia je pozmenen\u00e9 do zna\u010dnej miery, \u00a0zvy\u0161ok by mal by\u0165 takmer identick\u00fd.<\/p>\n<p>A ke\u010f\u017ee Nexia je v podstate faceliftov\u00fd Daewoo Racer (racer bol licencovan\u00fd klon Kadettu, a v posledn\u00fdch rokoch v\u00fdroby\/predaja to bol Opel Kadett s logom Daewoo Racer) , interier je od p\u00f4vodn\u00e9ho &#8222;kadettov\u00e9ho&#8220; dizajnovo odli\u0161n\u00fd asi tak na 2% . \u010co je ve\u013ek\u00e9 plus. \u00a0Naopak m\u00ednus interieru Kadett\/Nexia je to , \u017ee je to hotov\u00e1 sklada\u010dka, zlo\u017een\u00fd z viacer\u00fdch \u010dast\u00ed, ktor\u00e9 v\u0155zgaj\u00fa, nel\u00edcuj\u00fa ako by mali, proste humus. Zato interier z Astry t\u00fdmito vadami netrp\u00ed do takej miery.<\/p>\n<p>&nbsp;<\/p>\n<p>Postupne budem dop\u013a\u0148a\u0165 \u010fal\u0161ie pr\u00edspevky do blogu, fotky a podobne. \ud83d\ude42<\/p>\n<p>&nbsp;<\/p>\n<p><strong>Prv\u00fd kr\u00e1t zapnut\u00fd digit\u00e1lny tachometer:<\/strong><\/p>\n<p><object width=\"640\" height=\"360\" classid=\"clsid:d27cdb6e-ae6d-11cf-96b8-444553540000\" codebase=\"http:\/\/download.macromedia.com\/pub\/shockwave\/cabs\/flash\/swflash.cab#version=6,0,40,0\"><param name=\"allowfullscreen\" value=\"true\" \/><param name=\"src\" value=\"https:\/\/www.facebook.com\/v\/489475561062832\" \/><embed width=\"640\" height=\"360\" type=\"application\/x-shockwave-flash\" src=\"https:\/\/www.facebook.com\/v\/489475561062832\" allowfullscreen=\"true\" \/><\/object><\/p>\n","protected":false},"excerpt":{"rendered":"<p>Daewoo Astria Project , je m\u00f4j najnov\u0161\u00ed \u0161ialen\u00fd po\u010din. Moja ness\u00ed &#8222;Miley&#8220; dostane \u00fapravy v podobe interieru z Oplu Astra F, elektrick\u00fdch sp\u00e4tn\u00fdch zrkadiel a zadnej kot\u00fa\u010dovej n\u00e1pravy. Odtia\u013e n\u00e1zov projektu &#8222;Astria&#8220; (Astra &#8211; Nexia).<\/p>\n","protected":false},"author":1,"featured_media":0,"comment_status":"open","ping_status":"open","sticky":false,"template":"","format":"standard","meta":{"footnotes":"","_links_to":"","_links_to_target":""},"categories":[1],"tags":[],"class_list":["post-88","post","type-post","status-publish","format-standard","hentry","category-uncategorized"],"_links":{"self":[{"href":"https:\/\/peterprotus.eu\/index.php?rest_route=\/wp\/v2\/posts\/88","targetHints":{"allow":["GET"]}}],"collection":[{"href":"https:\/\/peterprotus.eu\/index.php?rest_route=\/wp\/v2\/posts"}],"about":[{"href":"https:\/\/peterprotus.eu\/index.php?rest_route=\/wp\/v2\/types\/post"}],"author":[{"embeddable":true,"href":"https:\/\/peterprotus.eu\/index.php?rest_route=\/wp\/v2\/users\/1"}],"replies":[{"embeddable":true,"href":"https:\/\/peterprotus.eu\/index.php?rest_route=%2Fwp%2Fv2%2Fcomments&post=88"}],"version-history":[{"count":15,"href":"https:\/\/peterprotus.eu\/index.php?rest_route=\/wp\/v2\/posts\/88\/revisions"}],"predecessor-version":[{"id":109,"href":"https:\/\/peterprotus.eu\/index.php?rest_route=\/wp\/v2\/posts\/88\/revisions\/109"}],"wp:attachment":[{"href":"https:\/\/peterprotus.eu\/index.php?rest_route=%2Fwp%2Fv2%2Fmedia&parent=88"}],"wp:term":[{"taxonomy":"category","embeddable":true,"href":"https:\/\/peterprotus.eu\/index.php?rest_route=%2Fwp%2Fv2%2Fcategories&post=88"},{"taxonomy":"post_tag","embeddable":true,"href":"https:\/\/peterprotus.eu\/index.php?rest_route=%2Fwp%2Fv2%2Ftags&post=88"}],"curies":[{"name":"wp","href":"https:\/\/api.w.org\/{rel}","templated":true}]}}