{"id":1683,"date":"2023-11-07T00:06:55","date_gmt":"2023-11-07T00:06:55","guid":{"rendered":"http:\/\/peterprotus.eu\/?p=1683"},"modified":"2023-11-07T00:08:46","modified_gmt":"2023-11-07T00:08:46","slug":"daewoo-sk-carmax-a-fb-skupina-ceskoslovenskeho-daewoochevy-clubu","status":"publish","type":"post","link":"https:\/\/peterprotus.eu\/?p=1683","title":{"rendered":"Daewoo.sk, Carmax a FB skupina \u010deskoslovensk\u00e9ho Daewoo&#038;Chevy clubu"},"content":{"rendered":"<p>Ako u\u017e nadpis hovor\u00ed, stali sa tento rok viacer\u00e9 veci&#8230;<\/p>\n<p>Tou smutnou vecou, alebo udalos\u0165ou je, \u017ee umrel p\u00e1n Emil Hudec, ktor\u00fd dlh\u00e9 roky vlastnil a viedol spolo\u010dnos\u0165 Carmax Centrum a bol dvorn\u00fdm dod\u00e1vate\u013eom dielov pre n\u00e1\u0161 Daewoo klub.&nbsp;<br \/>\nCarmax prevzal mlad\u00fd chalan Ma\u0165o Zuz\u010d\u00e1k, ktor\u00fd sa sna\u017e\u00ed v tom sklade zorientova\u0165 a dod\u00e1va\u0165 \u010falej veci pre n\u00e1\u0161 klub.&nbsp;<\/p>\n<p>Za\u010diatkom roka som k\u00fapil dom\u00e9nu Daewoo.sk, ktor\u00e1 sa len ned\u00e1vno uvolnila na zaregistrovanie a chcem vytvori\u0165 web Daewoo Motor z \u010dias najv\u00e4\u010d\u0161ej sl\u00e1vy firmy, teda vr\u00e1tane arch\u00edvu, n\u00e1vodov, manu\u00e1lov, at\u010f.<\/p>\n<p>Pred 2 mesiacmi som dostal pln\u00fa moc nad facebookovou skupinou \u010deskoslovensk\u00e9ho Daewoo &amp;&nbsp; Chevrolet klubu. Samozrejme som vykonal nieko\u013eko zmien, pribral nov\u00fdch adminov a sna\u017e\u00edme sa klub v\u0161emo\u017ene zvidite\u013eni\u0165, aby sme pril\u00e1kali nov\u00fdch \u010dlenov. Celkom sa to dar\u00ed, klub slu\u0161ne o\u017eil aspo\u0148 zatia\u013e. U\u017e o n\u00e1s vie aj Peter \u0160turd\u00edk z volant.tv, ktor\u00fd spravil hne\u010f nieko\u013eko vide\u00ed o aut\u00e1ch zna\u010dky Daewoo. E\u0161te ho nejako presved\u010di\u0165 aby spomenul aj klub a bude fajn \ud83d\ude42<\/p>\n<p>&nbsp;<\/p>\n","protected":false},"excerpt":{"rendered":"<p>Ako u\u017e nadpis hovor\u00ed, stali sa tento rok viacer\u00e9 veci&#8230; Tou smutnou vecou, alebo udalos\u0165ou je, \u017ee umrel p\u00e1n Emil Hudec, ktor\u00fd dlh\u00e9 roky vlastnil a viedol spolo\u010dnos\u0165 Carmax Centrum a bol dvorn\u00fdm dod\u00e1vate\u013eom dielov pre n\u00e1\u0161 Daewoo klub.&nbsp; Carmax prevzal mlad\u00fd chalan Ma\u0165o Zuz\u010d\u00e1k, ktor\u00fd sa sna\u017e\u00ed v tom sklade zorientova\u0165 a dod\u00e1va\u0165 \u010falej [&hellip;]<\/p>\n","protected":false},"author":1,"featured_media":0,"comment_status":"open","ping_status":"open","sticky":true,"template":"","format":"standard","meta":{"footnotes":"","_links_to":"","_links_to_target":""},"categories":[1],"tags":[],"class_list":["post-1683","post","type-post","status-publish","format-standard","hentry","category-uncategorized"],"_links":{"self":[{"href":"https:\/\/peterprotus.eu\/index.php?rest_route=\/wp\/v2\/posts\/1683","targetHints":{"allow":["GET"]}}],"collection":[{"href":"https:\/\/peterprotus.eu\/index.php?rest_route=\/wp\/v2\/posts"}],"about":[{"href":"https:\/\/peterprotus.eu\/index.php?rest_route=\/wp\/v2\/types\/post"}],"author":[{"embeddable":true,"href":"https:\/\/peterprotus.eu\/index.php?rest_route=\/wp\/v2\/users\/1"}],"replies":[{"embeddable":true,"href":"https:\/\/peterprotus.eu\/index.php?rest_route=%2Fwp%2Fv2%2Fcomments&post=1683"}],"version-history":[{"count":1,"href":"https:\/\/peterprotus.eu\/index.php?rest_route=\/wp\/v2\/posts\/1683\/revisions"}],"predecessor-version":[{"id":1684,"href":"https:\/\/peterprotus.eu\/index.php?rest_route=\/wp\/v2\/posts\/1683\/revisions\/1684"}],"wp:attachment":[{"href":"https:\/\/peterprotus.eu\/index.php?rest_route=%2Fwp%2Fv2%2Fmedia&parent=1683"}],"wp:term":[{"taxonomy":"category","embeddable":true,"href":"https:\/\/peterprotus.eu\/index.php?rest_route=%2Fwp%2Fv2%2Fcategories&post=1683"},{"taxonomy":"post_tag","embeddable":true,"href":"https:\/\/peterprotus.eu\/index.php?rest_route=%2Fwp%2Fv2%2Ftags&post=1683"}],"curies":[{"name":"wp","href":"https:\/\/api.w.org\/{rel}","templated":true}]}}